{"id":3396,"date":"2025-08-08T10:10:11","date_gmt":"2025-08-08T08:10:11","guid":{"rendered":"https:\/\/polmasters.pl\/?p=3396"},"modified":"2025-08-11T21:50:07","modified_gmt":"2025-08-11T19:50:07","slug":"lista-zgloszonych-zawodnikow-na-vi-memorial-janusza-kaminskiego-puchar-polski-masters","status":"publish","type":"post","link":"https:\/\/polmasters.pl\/?p=3396","title":{"rendered":"Lista zg\u0142oszonych zawodnik\u00f3w na VI Memoria\u0142 Janusza Kami\u0144skiego \/ Puchar Polski Masters"},"content":{"rendered":"\n<p>Drogie Mastersiaki !!!<\/p>\n\n\n\n<p>Poni\u017cej lista zg\u0142oszonych zawodnik\u00f3w do startu w VI Memoriale Janusza Kami\u0144skiego \/ Puchar Polski Masters Radomsko 2025.<\/p>\n\n\n\n<div class=\"wp-block-file\"><object class=\"wp-block-file__embed\" data=\"https:\/\/polmasters.pl\/wp-content\/uploads\/2025\/08\/VI-Memorial-Janusza-Kaminskiego-Puchar-Polski-Masters-3.pdf\" type=\"application\/pdf\" style=\"width:100%;height:600px\" aria-label=\"Osadzone z VI-Memorial-Janusza-Kaminskiego-Puchar-Polski-Masters-3.\"><\/object><a href=\"https:\/\/polmasters.pl\/wp-content\/uploads\/2025\/08\/VI-Memorial-Janusza-Kaminskiego-Puchar-Polski-Masters-3.pdf\" target=\"_blank\" rel=\"noreferrer noopener\">VI-Memorial-Janusza-Kaminskiego-Puchar-Polski-Masters-3<\/a><a href=\"https:\/\/polmasters.pl\/wp-content\/uploads\/2025\/08\/VI-Memorial-Janusza-Kaminskiego-Puchar-Polski-Masters-3.pdf\" class=\"wp-block-file__button\" download>Pobierz<\/a><\/div>\n\n\n\n<p>Lista zostanie zweryfikowana pod k\u0105tem min wp\u0142at.<\/p>\n\n\n\n<p>Osoby kt\u00f3re nie dop\u0142eni\u0142y wszystkich niezb\u0119dnych formalno\u015bci b\u0119d\u0105 automatycznie wycofane.<\/p>\n\n\n\n<p>W razie b\u0142ed\u00f3w prosze wszystkie uwagi kierowa\u0107 na mail kontakt@polmasters.pl (nie telefonicznie !!! ).<\/p>\n\n\n\n<p>10.08.2025 zostanie podana ostateczna lista startuj\u0105cych oraz zaktualizowany program zawod\u00f3w. <\/p>\n","protected":false},"excerpt":{"rendered":"<p>Drogie Mastersiaki !!! Poni\u017cej lista zg\u0142oszonych zawodnik\u00f3w do startu w VI Memoriale Janusza Kami\u0144skiego \/&#8230;<\/p>\n","protected":false},"author":2,"featured_media":887,"comment_status":"closed","ping_status":"closed","sticky":false,"template":"","format":"standard","meta":[],"categories":[4],"tags":[],"_links":{"self":[{"href":"https:\/\/polmasters.pl\/index.php?rest_route=\/wp\/v2\/posts\/3396"}],"collection":[{"href":"https:\/\/polmasters.pl\/index.php?rest_route=\/wp\/v2\/posts"}],"about":[{"href":"https:\/\/polmasters.pl\/index.php?rest_route=\/wp\/v2\/types\/post"}],"author":[{"embeddable":true,"href":"https:\/\/polmasters.pl\/index.php?rest_route=\/wp\/v2\/users\/2"}],"replies":[{"embeddable":true,"href":"https:\/\/polmasters.pl\/index.php?rest_route=%2Fwp%2Fv2%2Fcomments&post=3396"}],"version-history":[{"count":5,"href":"https:\/\/polmasters.pl\/index.php?rest_route=\/wp\/v2\/posts\/3396\/revisions"}],"predecessor-version":[{"id":3407,"href":"https:\/\/polmasters.pl\/index.php?rest_route=\/wp\/v2\/posts\/3396\/revisions\/3407"}],"wp:featuredmedia":[{"embeddable":true,"href":"https:\/\/polmasters.pl\/index.php?rest_route=\/wp\/v2\/media\/887"}],"wp:attachment":[{"href":"https:\/\/polmasters.pl\/index.php?rest_route=%2Fwp%2Fv2%2Fmedia&parent=3396"}],"wp:term":[{"taxonomy":"category","embeddable":true,"href":"https:\/\/polmasters.pl\/index.php?rest_route=%2Fwp%2Fv2%2Fcategories&post=3396"},{"taxonomy":"post_tag","embeddable":true,"href":"https:\/\/polmasters.pl\/index.php?rest_route=%2Fwp%2Fv2%2Ftags&post=3396"}],"curies":[{"name":"wp","href":"https:\/\/api.w.org\/{rel}","templated":true}]}}